{"id":110034,"date":"2026-04-17T08:27:22","date_gmt":"2026-04-17T00:27:22","guid":{"rendered":"http:\/\/www.wwhglzx.com\/?p=110034"},"modified":"2026-04-17T08:27:25","modified_gmt":"2026-04-17T00:27:25","slug":"brandon-mcnulty-a-vuelta-espana-versenyen-aratott-gyozelmevel-a-kezdo-rajtszam-elozetesben","status":"publish","type":"post","link":"http:\/\/www.wwhglzx.com\/index.php\/2026\/04\/17\/brandon-mcnulty-a-vuelta-espana-versenyen-aratott-gyozelmevel-a-kezdo-rajtszam-elozetesben\/","title":{"rendered":"Brandon McNulty a Vuelta Espa\u00f1a verseny\u00e9n aratott gy\u0151zelm\u00e9vel a kezd\u0151 rajtsz\u00e1m-el\u0151zetesben"},"content":{"rendered":"<div id=\"toc\" style=\"background: #f9f9f9;border: 1px solid #aaa;display: table;margin-bottom: 1em;padding: 1em;width: 350px;\">\n<p class=\"toctitle\" style=\"font-weight: 700;text-align: center;\">Tartalom<\/p>\n<ul class=\"toc_list\">\n<li><a href=\"#toc-0\">19.  f\u00e1zis: Logro\u00f1o &#8211; Alto de Moncalvillo, 168 km | ingyenes fogad\u00e1si tippek<\/a><\/li>\n<li><a href=\"#toc-1\">\u00b7 3. szakasz: augusztus 25., p\u00e9ntek \u2013 San Maurizio Canavese\u2013Ceres, 139 km<\/a><\/li>\n<li><a href=\"#toc-2\">Tan\u00e1cs Az \u00faj Vuelta an Excellent Espana 2025 val\u00f3j\u00e1ban az \u00faj csata leg\u00fajabb, legs\u00f6t\u00e9tebb kiad\u00e1sa.<\/a><\/li>\n<li><a href=\"#toc-3\">A Vuelta egy j\u00f3 Espa\u00f1a Stage megval\u00f3s\u00edt\u00e1s<\/a><\/li>\n<\/ul>\n<\/div>\n<p>Valamikor a c\u00e9l az Alto de Aitana, \u00e9s ez a produkci\u00f3 a Vuelta bemutatkoz\u00e1s\u00e1nak 25. szakasz\u00e1ra val\u00f3 \u00f6sszpontos\u00edt\u00e1s. Az \u00faj hegym\u00e1sz\u00f3knak nem kell sokat v\u00e1rniuk, hogy a francia kaland harmadik szakasz\u00e1ban ragadjanak. M\u00e9g ha csak a szakaszt is tekintj\u00fck, \u00e1ltal\u00e1ban egy ideig a terepkanyarokban kell utazniuk, mivel az els\u0151 100 km nagyr\u00e9szt s\u00edks\u00e1g. Most Monaco hozza a sz\u00edvf\u00e1zist, 17 \u00e9vvel ezel\u0151tt adott otthont a 2009-es Tour de France leg\u00fajabb Grand D\u00e9part-j\u00e1nak.<\/p>\n<h2 id=\"toc-0\">19. <!--more--> f\u00e1zis: Logro\u00f1o &#8211; Alto de Moncalvillo, 168 km | ingyenes fogad\u00e1si tippek<\/h2>\n<p>Hossz\u00fa j\u00f6v\u0151 el\u0151tt \u00e1lltunk, \u00e9s a Vuelta vitathatatlanul a legk\u00f6zelebbi volt hozz\u00e1juk, \u00edgy mindig ott lehetsz, hogy meg\u00e1llj, amikor a t\u00fcntet\u0151k le\u00fclnek a Bola del Mundo emelked\u0151j\u00e9nek alj\u00e1n, \u00e9s <a rel=\"nofollow\" href=\"https:\/\/fogadas-sport.com\/tippek\/\">ingyenes fogad\u00e1si tippek<\/a> lehet, hogy csak egy j\u00f3 kics\u00fasz\u00f3val a mez\u0151ny\u00f6d kics\u00faszik el\u0151l. De el\u0151bb kics\u00fasztak, \u00e9s miut\u00e1n az Egyes\u00fclt Arab Em\u00edrs\u00e9gekbeli Emirates-XRG v\u00e9g\u00fcl a leg\u00f6sszetart\u00f3bb bemutat\u00f3j\u00e1t mutatta be Almeida megh\u00f3d\u00edt\u00e1s\u00e1ra, ami\u00e9rt \u00fagy t\u0171nt, mintha az \u00faj portug\u00e1l versenyz\u0151 v\u00e9g\u00fcl cs\u0151dbe menne az utols\u00f3 versenyen. Ehelyett a t\u00fcntet\u0151k hatalmas t\u00f6megei szembesz\u00e1lltak a rend\u0151r\u00f6kkel, mik\u00f6zben fenyeget\u0151ztek, hogy elfoglalj\u00e1k a c\u00e9lvonalat. M\u00e1sodszorra is \u00fagy d\u00f6nt\u00f6ttek, hogy a stressz fokoz\u00f3dik, \u00e9s a konfliktusok ki\u00e9lez\u0151dnek, a c\u00e9lvonal teljesen lez\u00e1rult. Urko Berrade (Kern Pharma) nyerte a saj\u00e1t Vuelta a Espa\u00f1a 18. szakasz\u00e1t.<\/p>\n<h2 id=\"toc-1\">\u00b7 3. szakasz: augusztus 25., p\u00e9ntek \u2013 San Maurizio Canavese\u2013Ceres, 139 km<\/h2>\n<ul>\n<li>Almeida megel\u0151zte Vingeardot, miut\u00e1n az ausztr\u00e1l Jai Hindley a harmadik lefekv\u00e9sben \u00e9rt c\u00e9lba, 28 perccel lemaradva a 202,7 kilom\u00e9teres szakaszon, Cabez\u00f3n de los angelesi Salt\u00f3l az Angliru-felhajt\u00f3ig, egy meredek lejt\u0151s aut\u00f3p\u00e1ly\u00e1ig Aszt\u00fari\u00e1ban, Spanyolorsz\u00e1g \u00e9szaki r\u00e9sz\u00e9n.<\/li>\n<li>A leg\u00fajabb mez\u0151ny a m\u00e1sodrang\u00fa Col de Montgen\u00e8vre-r\u0151l \u00e9rkezik Franciaorsz\u00e1gba, a szakasz 40 km-es szakasz\u00e1n.<\/li>\n<li>\u00dagy t\u0171nik, ez egy fogad\u00e1s egy 4. f\u00e1zisbeli gy\u0151zelemre Wout van Aertnek k\u00f6sz\u00f6nhet\u0151en.<\/li>\n<\/ul>\n<p>R\u00f6vid, meredek emelked\u0151k teszik ezt a szakaszt t\u00f6k\u00e9letess\u00e9 a robban\u00e9kony versenyz\u0151k sz\u00e1m\u00e1ra. 2025-ben Jonas Vingeard (Visma-Book a bicycle) lett az \u00e1ltal\u00e1nos gy\u0151ztes, annak ellen\u00e9re, hogy n\u00e9h\u00e1ny palesztin szak\u00e9rt\u0151i tiltakoz\u00e1s megzavarta az \u00faj versenyt, k\u00fcl\u00f6n\u00f6sen a madridi szakaszt. 2024-ben Primo\u017e Rogli\u010d megnyerte negyedik Vuelta an excellent Espa\u00f1a c\u00edm\u00e9t a 2024-es \u00e9vfolyamb\u00f3l, ezzel az elm\u00falt hat \u00e9vben \u00f6t\u00f6dik nagy verseny\u00fcket z\u00e1rva egy \u00fajabb szakasznyi bemutat\u00f3val Madridban. Az \u00faj mez\u0151ny Franciaorsz\u00e1g fel\u00e9 veszi az ir\u00e1nyt, hogy megtorpanjon a Pireneusokban a 13. szakaszon. T\u00f6bb mint 4 100 000 yardot tesznek ki a szintr\u0151l, t\u00f6bb mint 135 km-t tesznek ki, \u00e9s egyetlen kilom\u00e9ternyi pihen\u0151t sem k\u00edn\u00e1lnak.<\/p>\n<p>Egy hatalmas fagy\u00e1st fogsz tapasztalni, amelynek Olav Kooij a legfontosabb c\u00e9lpontja, \u00edgy a Visma | Book a bicycle elvesztette parancsnok\u00e1t. Jasper Philipsen sem mutatott j\u00f3 gondolkod\u00e1sm\u00f3dot, mivel a fin\u00e1l\u00e9 neh\u00e9zs\u00e9gei miatt visszaesett a mez\u0151nyb\u0151l. Az \u00faj idegess\u00e9g rendk\u00edv\u00fcl magas az utols\u00f3 kilom\u00e9tereken, mik\u00f6zben minden csapat a pontos embert akarta a sz\u00e9lre tenni.<\/p>\n<h2 id=\"toc-2\">Tan\u00e1cs Az \u00faj Vuelta an Excellent Espana 2025 val\u00f3j\u00e1ban az \u00faj csata leg\u00fajabb, legs\u00f6t\u00e9tebb kiad\u00e1sa.<\/h2>\n<p><img decoding=\"async\" src=\"https:\/\/focusgn.com\/wp-content\/uploads\/2018\/05\/vcxrae9ffywd3ktgvxpd.jpg\" alt=\"ingyenes fogad\u00e1si tippek\" align=\"left\" border=\"0\"><\/p>\n<p>A j\u00f6v\u0151ben Vingegaard egy lelkes, higgadt, ha nem is domin\u00e1ns k\u00e9perny\u0151t helyezett el, hogy lassan elfojtsd a GC-verseny \u00faj l\u00e1tv\u00e1nyoss\u00e1g\u00e1t. Az izgalomb\u00f3l fakad\u00f3 minden szeretetet az \u00faj, fenyeget\u0151 k\u00eds\u00e9rtet k\u00eds\u00e9rtett, t\u00e1vol a tov\u00e1bbi b\u00fcntet\u0151jogi beavatkoz\u00e1st\u00f3l a csat\u00e1ban. Pidcock a leg\u00fajabb elit ker\u00e9kp\u00e1rosok k\u00f6z\u00e9 l\u00e9pett, t\u00e1vol tartva Jonast egy emelked\u0151t\u0151l, de valahogy nem tudta legy\u0151zni a k\u00e9tnapos Tour bajnokot. Az \u00faj Alto de Morredero a szerdai 17. szakaszra, valamint a h\u00e9tv\u00e9gi Bola del Mundo sz\u00e9trobbantja a top 10 versenyz\u0151t. Az els\u0151 Vuelta szakasz es\u00e9lyeit\u0151l, \u00e9s maga a Vuelta is otthagyja a k\u00e9rd\u00e9st, hogy mi t\u00f6rt\u00e9nhet innen az eg\u00e9sz versennyel.<\/p>\n<h2 id=\"toc-3\">A Vuelta egy j\u00f3 Espa\u00f1a Stage megval\u00f3s\u00edt\u00e1s<\/h2>\n<p>Teh\u00e1t a szakasz\u00f3r\u00e1k majdnem 1996 yardnyi szintk\u00fcl\u00f6nbs\u00e9get mutatnak, \u00e9s sokkal nehezebb profilt kaphatsz, mint a k\u00e9t kor\u00e1bbi napon. Madrid helyett a leg\u00fajabb 2026-os Vuelta ink\u00e1bb Granad\u00e1ba vezet, amelynek andal\u00faz kincs\u00e9ben egy \u00fct\u0151s szakasza van. Az Alhambra n\u00e9gy megm\u00e1sz\u00e1sa nem jelent j\u00f3 GC-d\u00f6nt\u0151t, de nem praktikus egy nagy sprintet futni. Ez az utols\u00f3 el\u0151tti id\u0151, b\u00e1r nem az, amit figyelembe kell venni, t\u00f6bb mint 5000 m\u00e9terrel a t\u00far\u00e1z\u00e1sb\u00f3l. Az \u00faj Alto de Hazallanas cs\u00facs\u00e1ra val\u00f3j\u00e1ban k\u00e9tszer is feljutnak, a Puerto de El Purche-n, k\u00f6zvetlen\u00fcl Collado del Aguacil el\u0151tt (8,3 km-re a 9,8%-os szintt\u0151l).<\/p>\n<p>A saj\u00e1t Vuelta a great Espa\u00f1a els\u0151 lejt\u0151s szakasza mind\u00f6ssze 1549 yardos magass\u00e1gban \u00e9r v\u00e9get az Extremadura hegys\u00e9gben. Az \u00faj verseny elej\u00e9n az \u00faj mez\u0151ny v\u00e1rhat\u00f3an megbirk\u00f3zik az \u00faj Puerto del Cabezabellosa (1. csoport) \u00e9s az Alto de Piornal (1-es kateg\u00f3ria) hegyekkel. Ezek az emelked\u0151k, amelyek az els\u0151 50 kilom\u00e9teren bel\u00fcl tal\u00e1lhat\u00f3k, kiv\u00e1l\u00f3 lehet\u0151s\u00e9get biztos\u00edtanak az er\u0151s hegym\u00e1sz\u00f3k sz\u00e1m\u00e1ra a kit\u00f6r\u00e9sre, \u00e9s taktikai megold\u00e1sokat k\u00edn\u00e1lnak a fin\u00e1l\u00e9 \u00faj GC-versenyz\u0151ivel szemben. A Pico de Villuercasra vezet\u0151 emelked\u0151 utols\u00f3 k\u00f6r\u00fclbel\u00fcl h\u00e1rom kilom\u00e9ter\u00e9n k\u00e9zzelfoghat\u00f3 r\u00e1mp\u00e1k tal\u00e1lhat\u00f3k, amelyek lejt\u0151i 15 \u00e9s ak\u00e1r 16 sz\u00e1zal\u00e9k k\u00f6z\u00f6tt mozognak.<\/p>\n","protected":false},"excerpt":{"rendered":"<p>Tartalom 19. f\u00e1zis: Logro\u00f1o &#8211; Alto de Moncalvillo [&hellip;]<\/p>\n","protected":false},"author":4,"featured_media":0,"comment_status":"closed","ping_status":"open","sticky":false,"template":"","format":"standard","meta":{"_acf_changed":false,"footnotes":""},"categories":[1],"tags":[],"class_list":["post-110034","post","type-post","status-publish","format-standard","hentry","category-uncategorized"],"acf":[],"_links":{"self":[{"href":"http:\/\/www.wwhglzx.com\/index.php\/wp-json\/wp\/v2\/posts\/110034","targetHints":{"allow":["GET"]}}],"collection":[{"href":"http:\/\/www.wwhglzx.com\/index.php\/wp-json\/wp\/v2\/posts"}],"about":[{"href":"http:\/\/www.wwhglzx.com\/index.php\/wp-json\/wp\/v2\/types\/post"}],"author":[{"embeddable":true,"href":"http:\/\/www.wwhglzx.com\/index.php\/wp-json\/wp\/v2\/users\/4"}],"replies":[{"embeddable":true,"href":"http:\/\/www.wwhglzx.com\/index.php\/wp-json\/wp\/v2\/comments?post=110034"}],"version-history":[{"count":1,"href":"http:\/\/www.wwhglzx.com\/index.php\/wp-json\/wp\/v2\/posts\/110034\/revisions"}],"predecessor-version":[{"id":110035,"href":"http:\/\/www.wwhglzx.com\/index.php\/wp-json\/wp\/v2\/posts\/110034\/revisions\/110035"}],"wp:attachment":[{"href":"http:\/\/www.wwhglzx.com\/index.php\/wp-json\/wp\/v2\/media?parent=110034"}],"wp:term":[{"taxonomy":"category","embeddable":true,"href":"http:\/\/www.wwhglzx.com\/index.php\/wp-json\/wp\/v2\/categories?post=110034"},{"taxonomy":"post_tag","embeddable":true,"href":"http:\/\/www.wwhglzx.com\/index.php\/wp-json\/wp\/v2\/tags?post=110034"}],"curies":[{"name":"wp","href":"https:\/\/api.w.org\/{rel}","templated":true}]}}